{"id":79,"date":"2015-03-09T11:44:15","date_gmt":"2015-03-09T11:44:15","guid":{"rendered":"http:\/\/localhost\/affinitythemes\/solitudo\/?p=1"},"modified":"2017-02-14T18:55:10","modified_gmt":"2017-02-14T18:55:10","slug":"karate-shubu-do-evento-graduacao-de-faixa-preta","status":"publish","type":"post","link":"https:\/\/old.karateshubudo.com.br\/?p=79","title":{"rendered":"Karat\u00ea Shubu-D\u00f4: Evento Gradua\u00e7\u00e3o de Faixa Preta"},"content":{"rendered":"<p>Foi o maior exame de marrom para preta que se tem conhecimento dentro da arte marcial<\/p>\n<p>A <strong>Associa\u00e7\u00e3o de Artes Marciais Karat\u00ea Shubu-D\u00f4<\/strong> realizou no \u00faltimo s\u00e1bado (17) a gradua\u00e7\u00e3o de 79 alunos Faixa Marrom para Faixa Preta na APCEF \u2013 Associa\u00e7\u00e3o Paranaense da Caixa Economica Federal.<\/p>\n<p>O <strong>Gr\u00e3o Mestre Edson<\/strong> Carlos de Oliveira, presidente da entidade, relata que foi o maior exame de marrom para preta que se tem conhecimento dentro da arte marcial. Mestre Edson\u00a0\u00e9 12\u00aa Dan e est\u00e1 h\u00e1 35 anos a frente desta arte marcial.<\/p>\n<p>Os alunos (Faixas Marrom), permaneceram por um per\u00edodo m\u00ednimo de 01 ano na faixa passando por treinamento, aulas especiais e pr\u00e9-exames, para no dia realizar todo o conte\u00fado program\u00e1tico desde a faixa branca.<\/p>\n<p>Os mesmos foram avaliados e tiveram que apresentar os requisitos for\u00e7a, velocidade, est\u00e9tica e conhecimento program\u00e1tico, sendo subdivididos nas categorias infantil, juvenil, adulto, m\u00e1ster, masculinos, femininos e paraatleta, tendo o aluno que alcan\u00e7ar a m\u00e9dia 7,0, \u00a0para a aprova\u00e7\u00e3o de Faixa Preta.<\/p>\n\n\t\t\t<div>\n\t\t\t<style type='text\/css'>\n\t\t\t\t#gallery-1 {\n\t\t\t\t\tmargin: auto;\n\t\t\t\t}\n\t\t\t\t#gallery-1 .gallery-item {\n\t\t\t\t\tfloat: left;\n\t\t\t\t\tmargin-top: 10px;\n\t\t\t\t\ttext-align: center;\n\t\t\t\t\twidth: 20%;\n\t\t\t\t}\n\t\t\t\t#gallery-1 img {\n\t\t\t\t\tborder: 2px solid #cfcfcf;\n\t\t\t\t}\n\t\t\t\t#gallery-1 .gallery-caption {\n\t\t\t\t\tmargin-left: 0;\n\t\t\t\t}\n\t\t\t\t\/* see gallery_shortcode() in wp-includes\/media.php *\/\n\t\t\t<\/style><\/div>\n\t\t<div id='gallery-1' class='gallery galleryid-79 gallery-columns-5 gallery-size-thumbnail'><div class=\"gallery-inner-wrapper\"><dl class='gallery-item'>\n\t\t\t\t<dt class='gallery-icon landscape'>\n\t\t\t\t\t<a href='https:\/\/old.karateshubudo.com.br\/wp-content\/uploads\/6-4.jpg'><img width=\"150\" height=\"150\" src=\"https:\/\/old.karateshubudo.com.br\/wp-content\/uploads\/6-4-150x150.jpg\" class=\"attachment-thumbnail size-thumbnail\" alt=\"\" loading=\"lazy\" \/><\/a>\n\t\t\t\t<\/dt><dd><\/dd><\/dl><dl class='gallery-item'>\n\t\t\t\t<dt class='gallery-icon landscape'>\n\t\t\t\t\t<a href='https:\/\/old.karateshubudo.com.br\/wp-content\/uploads\/7-4.jpg'><img width=\"150\" height=\"150\" src=\"https:\/\/old.karateshubudo.com.br\/wp-content\/uploads\/7-4-150x150.jpg\" class=\"attachment-thumbnail size-thumbnail\" alt=\"\" loading=\"lazy\" \/><\/a>\n\t\t\t\t<\/dt><dd><\/dd><\/dl><dl class='gallery-item'>\n\t\t\t\t<dt class='gallery-icon landscape'>\n\t\t\t\t\t<a href='https:\/\/old.karateshubudo.com.br\/wp-content\/uploads\/8-4.jpg'><img width=\"150\" height=\"150\" src=\"https:\/\/old.karateshubudo.com.br\/wp-content\/uploads\/8-4-150x150.jpg\" class=\"attachment-thumbnail size-thumbnail\" alt=\"\" loading=\"lazy\" \/><\/a>\n\t\t\t\t<\/dt><dd><\/dd><\/dl><dl class='gallery-item'>\n\t\t\t\t<dt class='gallery-icon landscape'>\n\t\t\t\t\t<a href='https:\/\/old.karateshubudo.com.br\/wp-content\/uploads\/1-4.jpg'><img width=\"150\" height=\"150\" src=\"https:\/\/old.karateshubudo.com.br\/wp-content\/uploads\/1-4-150x150.jpg\" class=\"attachment-thumbnail size-thumbnail\" alt=\"\" loading=\"lazy\" \/><\/a>\n\t\t\t\t<\/dt><dd><\/dd><\/dl><dl class='gallery-item'>\n\t\t\t\t<dt class='gallery-icon landscape'>\n\t\t\t\t\t<a href='https:\/\/old.karateshubudo.com.br\/wp-content\/uploads\/2-4.jpg'><img width=\"150\" height=\"150\" src=\"https:\/\/old.karateshubudo.com.br\/wp-content\/uploads\/2-4-150x150.jpg\" class=\"attachment-thumbnail size-thumbnail\" alt=\"\" loading=\"lazy\" \/><\/a>\n\t\t\t\t<\/dt><dd><\/dd><\/dl><br style=\"clear: both\" \/><dl class='gallery-item'>\n\t\t\t\t<dt class='gallery-icon landscape'>\n\t\t\t\t\t<a href='https:\/\/old.karateshubudo.com.br\/wp-content\/uploads\/3-4.jpg'><img width=\"150\" height=\"150\" src=\"https:\/\/old.karateshubudo.com.br\/wp-content\/uploads\/3-4-150x150.jpg\" class=\"attachment-thumbnail size-thumbnail\" alt=\"\" loading=\"lazy\" \/><\/a>\n\t\t\t\t<\/dt><dd><\/dd><\/dl><dl class='gallery-item'>\n\t\t\t\t<dt class='gallery-icon landscape'>\n\t\t\t\t\t<a href='https:\/\/old.karateshubudo.com.br\/wp-content\/uploads\/4-4.jpg'><img width=\"150\" height=\"150\" src=\"https:\/\/old.karateshubudo.com.br\/wp-content\/uploads\/4-4-150x150.jpg\" class=\"attachment-thumbnail size-thumbnail\" alt=\"\" loading=\"lazy\" \/><\/a>\n\t\t\t\t<\/dt><dd><\/dd><\/dl><dl class='gallery-item'>\n\t\t\t\t<dt class='gallery-icon landscape'>\n\t\t\t\t\t<a href='https:\/\/old.karateshubudo.com.br\/wp-content\/uploads\/5-4.jpg'><img width=\"150\" height=\"150\" src=\"https:\/\/old.karateshubudo.com.br\/wp-content\/uploads\/5-4-150x150.jpg\" class=\"attachment-thumbnail size-thumbnail\" alt=\"\" loading=\"lazy\" \/><\/a>\n\t\t\t\t<\/dt><dd><\/dd><\/dl>\n\t\t\t\t<br style='clear: both;' \/>\n\t\t\t<\/div><\/div>\n\n<p>Mestre Edson lembra ainda que a faixa preta n\u00e3o \u00e9 o termino de um curso e sim que \u00e1 partir dela \u00e9 o inicio de uma nova fase. Fase de aperfei\u00e7oamento e novos aprendizados.<\/p>\n<p><strong>Segundo o atleta<\/strong>\u00a0Eduardo Figura\u00a0o momento \u00e9 de comemora\u00e7\u00e3o junto com seu irm\u00e3o que temb\u00e9m agora \u00e9 faixa preta: \u201cMuito feliz, com\u00a0Stevan Figura. Um momento \u00fanico e inesquec\u00edvel. Foi suado, mas conseguimos conquistar a faixa preta de Karat\u00ea Shubu-d\u00f4. Um objetivo que nos trouxe como recompensa, al\u00e9m da faixa preta, muitos amigos, muita sa\u00fade, motiva\u00e7\u00e3o e aprendizado todos os dias. Humildade e f\u00e9 acima de tudo, N\u00e3o somos nada sem a ajuda de nossos colegas, vamos continuar lutando. Gostar do que faz \u00e9 essencial. Obrigado a todos os mestres, professores, colegas, amigos e fam\u00edlia pela paci\u00eancia em nos ajudar\u201d finaliza. O pr\u00f3ximo da familia Figura a ser graduado Faixa Preta \u00e9 o pai de Eduardo e Stevan, o senhor<strong>Francisco Figura<\/strong>.<\/p>\n<p>A atleta <strong>Gisa Carvalho<\/strong> afirma: \u201c Ningu\u00e9m disse que seria f\u00e1cil e n\u00e3o foi. Dedos e p\u00e9s com calos, joelho quase entregando os bets e eu estou aqui, muito feliz. Essa faixa preta \u00e9 minha e que venham as pr\u00f3ximas gradua\u00e7\u00f5es. Agrade\u00e7o a minha fam\u00edlia pelo apoio, mestres, professores e meus amigos de treino que s\u00e3o demais.\u201d<\/p>\n<div id=\"gallery-1\" class=\"gallery-images gallery galleryid-3713\" data-carousel-extra=\"{&quot;blog_id&quot;:1,&quot;permalink&quot;:&quot;https:\/\/old.karateshubudo.com.br\\\/galeria-de-fotos\\\/karate-shubu-do-evento-gradua-faixa-preta\\\/&quot;,&quot;likes_blog_id&quot;:92193847}\"><\/div>\n","protected":false},"excerpt":{"rendered":"<p>Foi o maior exame de marrom para preta que se tem conhecimento dentro da arte marcial A Associa\u00e7\u00e3o de Artes Marciais Karat\u00ea Shubu-D\u00f4 realizou no \u00faltimo s\u00e1bado (17) a gradua\u00e7\u00e3o de 79 alunos Faixa Marrom para Faixa Preta na APCEF \u2013 Associa\u00e7\u00e3o Paranaense da Caixa Economica Federal. O Gr\u00e3o Mestre Edson Carlos de Oliveira, presidente [&hellip;]<\/p>\n","protected":false},"author":1,"featured_media":4093,"comment_status":"closed","ping_status":"closed","sticky":false,"template":"","format":"standard","meta":{"_exactmetrics_skip_tracking":false,"_exactmetrics_sitenote_active":false,"_exactmetrics_sitenote_note":"","_exactmetrics_sitenote_category":0},"categories":[1],"tags":[],"_links":{"self":[{"href":"https:\/\/old.karateshubudo.com.br\/index.php?rest_route=\/wp\/v2\/posts\/79"}],"collection":[{"href":"https:\/\/old.karateshubudo.com.br\/index.php?rest_route=\/wp\/v2\/posts"}],"about":[{"href":"https:\/\/old.karateshubudo.com.br\/index.php?rest_route=\/wp\/v2\/types\/post"}],"author":[{"embeddable":true,"href":"https:\/\/old.karateshubudo.com.br\/index.php?rest_route=\/wp\/v2\/users\/1"}],"replies":[{"embeddable":true,"href":"https:\/\/old.karateshubudo.com.br\/index.php?rest_route=%2Fwp%2Fv2%2Fcomments&post=79"}],"version-history":[{"count":0,"href":"https:\/\/old.karateshubudo.com.br\/index.php?rest_route=\/wp\/v2\/posts\/79\/revisions"}],"wp:featuredmedia":[{"embeddable":true,"href":"https:\/\/old.karateshubudo.com.br\/index.php?rest_route=\/wp\/v2\/media\/4093"}],"wp:attachment":[{"href":"https:\/\/old.karateshubudo.com.br\/index.php?rest_route=%2Fwp%2Fv2%2Fmedia&parent=79"}],"wp:term":[{"taxonomy":"category","embeddable":true,"href":"https:\/\/old.karateshubudo.com.br\/index.php?rest_route=%2Fwp%2Fv2%2Fcategories&post=79"},{"taxonomy":"post_tag","embeddable":true,"href":"https:\/\/old.karateshubudo.com.br\/index.php?rest_route=%2Fwp%2Fv2%2Ftags&post=79"}],"curies":[{"name":"wp","href":"https:\/\/api.w.org\/{rel}","templated":true}]}}