{"id":4208,"date":"2017-02-16T20:50:38","date_gmt":"2017-02-16T20:50:38","guid":{"rendered":"https:\/\/old.karateshubudo.com.br\/?p=4208"},"modified":"2017-02-16T21:01:06","modified_gmt":"2017-02-16T21:01:06","slug":"academia-optimus-mais-uma-franquia-aksd","status":"publish","type":"post","link":"https:\/\/old.karateshubudo.com.br\/?p=4208","title":{"rendered":"Mais uma franquia AKSD\/ Academia Optimus"},"content":{"rendered":"<p>Gr\u00e3o Mestre Edson Inaugura mais uma franquia Karat\u00ea Shubu-D\u00f4 no bairro Campo Comprido<\/p>\n<p>Mestre Solana Severo<\/p>\n<p>Contato: 99982-5586<\/p>\n\n\t\t\t<div>\n\t\t\t<style type='text\/css'>\n\t\t\t\t#gallery-1 {\n\t\t\t\t\tmargin: auto;\n\t\t\t\t}\n\t\t\t\t#gallery-1 .gallery-item {\n\t\t\t\t\tfloat: left;\n\t\t\t\t\tmargin-top: 10px;\n\t\t\t\t\ttext-align: center;\n\t\t\t\t\twidth: 25%;\n\t\t\t\t}\n\t\t\t\t#gallery-1 img {\n\t\t\t\t\tborder: 2px solid #cfcfcf;\n\t\t\t\t}\n\t\t\t\t#gallery-1 .gallery-caption {\n\t\t\t\t\tmargin-left: 0;\n\t\t\t\t}\n\t\t\t\t\/* see gallery_shortcode() in wp-includes\/media.php *\/\n\t\t\t<\/style><\/div>\n\t\t<div id='gallery-1' class='gallery galleryid-4208 gallery-columns-4 gallery-size-thumbnail'><div class=\"gallery-inner-wrapper\"><dl class='gallery-item'>\n\t\t\t\t<dt class='gallery-icon portrait'>\n\t\t\t\t\t<a href='https:\/\/old.karateshubudo.com.br\/wp-content\/uploads\/2017\/02\/16114045_1558477417496579_6452504210136309031_n.jpg'><img width=\"150\" height=\"150\" src=\"https:\/\/old.karateshubudo.com.br\/wp-content\/uploads\/2017\/02\/16114045_1558477417496579_6452504210136309031_n-150x150.jpg\" class=\"attachment-thumbnail size-thumbnail\" alt=\"Gr\u00e3o Mestre Edson inaugura mais uma franquia no\" loading=\"lazy\" \/><\/a>\n\t\t\t\t<\/dt><dd><\/dd><\/dl><dl class='gallery-item'>\n\t\t\t\t<dt class='gallery-icon landscape'>\n\t\t\t\t\t<a href='https:\/\/old.karateshubudo.com.br\/wp-content\/uploads\/2017\/02\/16730264_1558477234163264_7802935424960028435_n.jpg'><img width=\"150\" height=\"150\" src=\"https:\/\/old.karateshubudo.com.br\/wp-content\/uploads\/2017\/02\/16730264_1558477234163264_7802935424960028435_n-150x150.jpg\" class=\"attachment-thumbnail size-thumbnail\" alt=\"\" loading=\"lazy\" \/><\/a>\n\t\t\t\t<\/dt><dd><\/dd><\/dl><dl class='gallery-item'>\n\t\t\t\t<dt class='gallery-icon portrait'>\n\t\t\t\t\t<a href='https:\/\/old.karateshubudo.com.br\/wp-content\/uploads\/2017\/02\/16806719_1558477300829924_1906340839609290632_n.jpg'><img width=\"150\" height=\"150\" src=\"https:\/\/old.karateshubudo.com.br\/wp-content\/uploads\/2017\/02\/16806719_1558477300829924_1906340839609290632_n-150x150.jpg\" class=\"attachment-thumbnail size-thumbnail\" alt=\"\" loading=\"lazy\" \/><\/a>\n\t\t\t\t<\/dt><dd><\/dd><\/dl><dl class='gallery-item'>\n\t\t\t\t<dt class='gallery-icon landscape'>\n\t\t\t\t\t<a href='https:\/\/old.karateshubudo.com.br\/wp-content\/uploads\/2017\/02\/16807252_1558477367496584_4864332627808431187_n.jpg'><img width=\"150\" height=\"150\" src=\"https:\/\/old.karateshubudo.com.br\/wp-content\/uploads\/2017\/02\/16807252_1558477367496584_4864332627808431187_n-150x150.jpg\" class=\"attachment-thumbnail size-thumbnail\" alt=\"\" loading=\"lazy\" \/><\/a>\n\t\t\t\t<\/dt><dd><\/dd><\/dl><br style=\"clear: both\" \/>\n\t\t\t\t<br style='clear: both;' \/>\n\t\t\t<\/div><\/div>\n\n","protected":false},"excerpt":{"rendered":"<p>Gr\u00e3o Mestre Edson Inaugura mais uma franquia Karat\u00ea Shubu-D\u00f4 no bairro Campo Comprido Mestre Solana Severo Contato: 99982-5586<\/p>\n","protected":false},"author":2,"featured_media":4210,"comment_status":"closed","ping_status":"closed","sticky":false,"template":"","format":"standard","meta":{"_exactmetrics_skip_tracking":false,"_exactmetrics_sitenote_active":false,"_exactmetrics_sitenote_note":"","_exactmetrics_sitenote_category":0},"categories":[1],"tags":[],"_links":{"self":[{"href":"https:\/\/old.karateshubudo.com.br\/index.php?rest_route=\/wp\/v2\/posts\/4208"}],"collection":[{"href":"https:\/\/old.karateshubudo.com.br\/index.php?rest_route=\/wp\/v2\/posts"}],"about":[{"href":"https:\/\/old.karateshubudo.com.br\/index.php?rest_route=\/wp\/v2\/types\/post"}],"author":[{"embeddable":true,"href":"https:\/\/old.karateshubudo.com.br\/index.php?rest_route=\/wp\/v2\/users\/2"}],"replies":[{"embeddable":true,"href":"https:\/\/old.karateshubudo.com.br\/index.php?rest_route=%2Fwp%2Fv2%2Fcomments&post=4208"}],"version-history":[{"count":0,"href":"https:\/\/old.karateshubudo.com.br\/index.php?rest_route=\/wp\/v2\/posts\/4208\/revisions"}],"wp:featuredmedia":[{"embeddable":true,"href":"https:\/\/old.karateshubudo.com.br\/index.php?rest_route=\/wp\/v2\/media\/4210"}],"wp:attachment":[{"href":"https:\/\/old.karateshubudo.com.br\/index.php?rest_route=%2Fwp%2Fv2%2Fmedia&parent=4208"}],"wp:term":[{"taxonomy":"category","embeddable":true,"href":"https:\/\/old.karateshubudo.com.br\/index.php?rest_route=%2Fwp%2Fv2%2Fcategories&post=4208"},{"taxonomy":"post_tag","embeddable":true,"href":"https:\/\/old.karateshubudo.com.br\/index.php?rest_route=%2Fwp%2Fv2%2Ftags&post=4208"}],"curies":[{"name":"wp","href":"https:\/\/api.w.org\/{rel}","templated":true}]}}